{"id":6799,"date":"2025-07-30T09:45:22","date_gmt":"2025-07-30T09:45:22","guid":{"rendered":"https:\/\/pulsar.ces.uc.pt\/?p=6799"},"modified":"2025-08-26T09:46:31","modified_gmt":"2025-08-26T09:46:31","slug":"acao-formativa-sobre-saude-lgbtq","status":"publish","type":"post","link":"https:\/\/pulsar.ces.uc.pt\/en\/acao-formativa-sobre-saude-lgbtq\/","title":{"rendered":"A\u00e7\u00e3o formativa sobre sa\u00fade LGBTQ+"},"content":{"rendered":"<div id=\"fws_69f386d436243\"  data-column-margin=\"default\" data-midnight=\"dark\"  class=\"wpb_row vc_row-fluid vc_row\"  style=\"padding-top: 0px; padding-bottom: 0px; \"><div class=\"row-bg-wrap\" data-bg-animation=\"none\" data-bg-animation-delay=\"\" data-bg-overlay=\"false\"><div class=\"inner-wrap row-bg-layer\" ><div class=\"row-bg viewport-desktop\"  style=\"\"><\/div><\/div><\/div><div class=\"row_col_wrap_12 col span_12 dark left\">\n\t<div  class=\"vc_col-sm-12 wpb_column column_container vc_column_container col no-extra-padding inherit_tablet inherit_phone\"  data-padding-pos=\"all\" data-has-bg-color=\"false\" data-bg-color=\"\" data-bg-opacity=\"1\" data-animation=\"\" data-delay=\"0\" >\n\t\t<div class=\"vc_column-inner\" >\n\t\t\t<div class=\"wpb_wrapper\">\n\t\t\t\t\n<div class=\"wpb_text_column wpb_content_element\" >\n\t<div class=\"wpb_wrapper\">\n\t\t<p data-start=\"106\" data-end=\"243\">No dia 24 de julho 2025 realiz\u00e1mos uma <a href=\"https:\/\/pulsar.ces.uc.pt\/en\/formacao-sobre-saude-das-pessoas-lgbtq\/\" target=\"_blank\" rel=\"noopener\"><strong>a\u00e7\u00e3o formativa<\/strong><\/a> em colabora\u00e7\u00e3o com o Gabinete para a Igualdade e Inclus\u00e3o da <strong>C\u00e2mara Municipal de Coimbra<\/strong>.<\/p>\n<p data-start=\"245\" data-end=\"536\">A iniciativa contou com a participa\u00e7\u00e3o de <strong>profissionais de sa\u00fade<\/strong> de v\u00e1rias \u00e1reas e permitiu a troca de experi\u00eancias, o di\u00e1logo interprofissional e a partilha de ideias para responder a desafios comuns na sa\u00fade das pessoas LGBTQ+.<\/p>\n<p data-start=\"538\" data-end=\"659\"><strong>Agradecemos<\/strong> a todas as pessoas que participaram e \u00e0 C\u00e2mara Municipal pela parceria que tornou poss\u00edvel esta iniciativa de sucesso.<\/p>\n\t<\/div>\n<\/div>\n\n\n\n\n\t\t\t<\/div> \n\t\t<\/div>\n\t<\/div> \n<\/div><\/div>\n\t\t<div id=\"fws_69f386d4365bc\"  data-column-margin=\"default\" data-midnight=\"dark\"  class=\"wpb_row vc_row-fluid vc_row\"  style=\"padding-top: 0px; padding-bottom: 0px; \"><div class=\"row-bg-wrap\" data-bg-animation=\"none\" data-bg-animation-delay=\"\" data-bg-overlay=\"false\"><div class=\"inner-wrap row-bg-layer\" ><div class=\"row-bg viewport-desktop\"  style=\"\"><\/div><\/div><\/div><div class=\"row_col_wrap_12 col span_12 dark left\">\n\t<div  class=\"vc_col-sm-12 wpb_column column_container vc_column_container col no-extra-padding inherit_tablet inherit_phone\"  data-padding-pos=\"all\" data-has-bg-color=\"false\" data-bg-color=\"\" data-bg-opacity=\"1\" data-animation=\"\" data-delay=\"0\" >\n\t\t<div class=\"vc_column-inner\" >\n\t\t\t<div class=\"wpb_wrapper\">\n\t\t\t\t\n\t<div class=\"wpb_gallery wpb_content_element clearfix\">\n\t\t<div class=\"wpb_wrapper\"><div class=\"wpb_gallery_slides wpb_flexslider flex-gallery flexslider\" data-onclick=\"link_no\" data-interval=\"5\" data-flex_fx=\"fade\"><ul class=\"slides\" data-d-autorotate=\"\"><li><img decoding=\"async\" class=\"skip-lazy\" src=\"https:\/\/pulsar.ces.uc.pt\/wp-content\/uploads\/2025\/08\/IMG-20250731-WA0057-600x400.jpg\" width=\"600\" height=\"400\" alt=\"IMG-20250731-WA0057\" title=\"IMG-20250731-WA0057\" loading=\"lazy\" \/><\/li><li><img decoding=\"async\" class=\"skip-lazy\" src=\"https:\/\/pulsar.ces.uc.pt\/wp-content\/uploads\/2025\/08\/IMG-20250731-WA0058-600x400.jpg\" width=\"600\" height=\"400\" alt=\"IMG-20250731-WA0058\" title=\"IMG-20250731-WA0058\" loading=\"lazy\" \/><\/li><li><img decoding=\"async\" class=\"skip-lazy\" src=\"https:\/\/pulsar.ces.uc.pt\/wp-content\/uploads\/2025\/08\/IMG-20250731-WA0060-600x400.jpg\" width=\"600\" height=\"400\" alt=\"IMG-20250731-WA0060\" title=\"IMG-20250731-WA0060\" loading=\"lazy\" \/><\/li><li><img decoding=\"async\" class=\"skip-lazy\" src=\"https:\/\/pulsar.ces.uc.pt\/wp-content\/uploads\/2025\/08\/IMG-20250731-WA0061-600x400.jpg\" width=\"600\" height=\"400\" alt=\"IMG-20250731-WA0061\" title=\"IMG-20250731-WA0061\" loading=\"lazy\" \/><\/li><li><img decoding=\"async\" class=\"skip-lazy\" src=\"https:\/\/pulsar.ces.uc.pt\/wp-content\/uploads\/2025\/08\/IMG-20250731-WA0064-600x400.jpg\" width=\"600\" height=\"400\" alt=\"IMG-20250731-WA0064\" title=\"IMG-20250731-WA0064\" loading=\"lazy\" \/><\/li><li><img decoding=\"async\" class=\"skip-lazy\" src=\"https:\/\/pulsar.ces.uc.pt\/wp-content\/uploads\/2025\/08\/IMG-20250731-WA0067-600x400.jpg\" width=\"600\" height=\"400\" alt=\"IMG-20250731-WA0067\" title=\"IMG-20250731-WA0067\" loading=\"lazy\" \/><\/li><li><img decoding=\"async\" class=\"skip-lazy\" src=\"https:\/\/pulsar.ces.uc.pt\/wp-content\/uploads\/2025\/08\/IMG-20250731-WA0079-600x400.jpg\" width=\"600\" height=\"400\" alt=\"IMG-20250731-WA0079\" title=\"IMG-20250731-WA0079\" loading=\"lazy\" \/><\/li><li><img decoding=\"async\" class=\"skip-lazy\" src=\"https:\/\/pulsar.ces.uc.pt\/wp-content\/uploads\/2025\/08\/IMG-20250731-WA0081-600x400.jpg\" width=\"600\" height=\"400\" alt=\"IMG-20250731-WA0081\" title=\"IMG-20250731-WA0081\" loading=\"lazy\" \/><\/li><li><img decoding=\"async\" class=\"skip-lazy\" src=\"https:\/\/pulsar.ces.uc.pt\/wp-content\/uploads\/2025\/08\/IMG-20250731-WA0084-600x400.jpg\" width=\"600\" height=\"400\" alt=\"IMG-20250731-WA0084\" title=\"IMG-20250731-WA0084\" loading=\"lazy\" \/><\/li><\/ul><\/div>\n\t\t<\/div> \n\t<\/div> \n\t\t\t<\/div> \n\t\t<\/div>\n\t<\/div> \n<\/div><\/div>","protected":false},"excerpt":{"rendered":"No dia 24 de julho 2025 realiz\u00e1mos uma a\u00e7\u00e3o formativa em colabora\u00e7\u00e3o com o Gabinete para a Igualdade e Inclus\u00e3o da C\u00e2mara Municipal de Coimbra. A iniciativa contou com a...","protected":false},"author":2,"featured_media":6832,"comment_status":"closed","ping_status":"closed","sticky":false,"template":"","format":"standard","meta":{"footnotes":""},"categories":[12],"tags":[],"class_list":{"0":"post-6799","1":"post","2":"type-post","3":"status-publish","4":"format-standard","5":"has-post-thumbnail","7":"category-eventos"},"_links":{"self":[{"href":"https:\/\/pulsar.ces.uc.pt\/en\/wp-json\/wp\/v2\/posts\/6799","targetHints":{"allow":["GET"]}}],"collection":[{"href":"https:\/\/pulsar.ces.uc.pt\/en\/wp-json\/wp\/v2\/posts"}],"about":[{"href":"https:\/\/pulsar.ces.uc.pt\/en\/wp-json\/wp\/v2\/types\/post"}],"author":[{"embeddable":true,"href":"https:\/\/pulsar.ces.uc.pt\/en\/wp-json\/wp\/v2\/users\/2"}],"replies":[{"embeddable":true,"href":"https:\/\/pulsar.ces.uc.pt\/en\/wp-json\/wp\/v2\/comments?post=6799"}],"version-history":[{"count":4,"href":"https:\/\/pulsar.ces.uc.pt\/en\/wp-json\/wp\/v2\/posts\/6799\/revisions"}],"predecessor-version":[{"id":6838,"href":"https:\/\/pulsar.ces.uc.pt\/en\/wp-json\/wp\/v2\/posts\/6799\/revisions\/6838"}],"wp:featuredmedia":[{"embeddable":true,"href":"https:\/\/pulsar.ces.uc.pt\/en\/wp-json\/wp\/v2\/media\/6832"}],"wp:attachment":[{"href":"https:\/\/pulsar.ces.uc.pt\/en\/wp-json\/wp\/v2\/media?parent=6799"}],"wp:term":[{"taxonomy":"category","embeddable":true,"href":"https:\/\/pulsar.ces.uc.pt\/en\/wp-json\/wp\/v2\/categories?post=6799"},{"taxonomy":"post_tag","embeddable":true,"href":"https:\/\/pulsar.ces.uc.pt\/en\/wp-json\/wp\/v2\/tags?post=6799"}],"curies":[{"name":"wp","href":"https:\/\/api.w.org\/{rel}","templated":true}]}}