{"id":6852,"date":"2025-10-23T10:44:23","date_gmt":"2025-10-23T10:44:23","guid":{"rendered":"https:\/\/pulsar.ces.uc.pt\/?p=6852"},"modified":"2025-10-23T10:46:19","modified_gmt":"2025-10-23T10:46:19","slug":"formacao-no-centro-de-saude-norton-de-matos","status":"publish","type":"post","link":"https:\/\/pulsar.ces.uc.pt\/en\/formacao-no-centro-de-saude-norton-de-matos\/","title":{"rendered":"Forma\u00e7\u00e3o no Centro de Sa\u00fade Norton de Matos"},"content":{"rendered":"<div id=\"fws_69f447654032d\"  data-column-margin=\"default\" data-midnight=\"dark\"  class=\"wpb_row vc_row-fluid vc_row\"  style=\"padding-top: 0px; padding-bottom: 0px; \"><div class=\"row-bg-wrap\" data-bg-animation=\"none\" data-bg-animation-delay=\"\" data-bg-overlay=\"false\"><div class=\"inner-wrap row-bg-layer\" ><div class=\"row-bg viewport-desktop\"  style=\"\"><\/div><\/div><\/div><div class=\"row_col_wrap_12 col span_12 dark left\">\n\t<div  class=\"vc_col-sm-12 wpb_column column_container vc_column_container col no-extra-padding inherit_tablet inherit_phone\"  data-padding-pos=\"all\" data-has-bg-color=\"false\" data-bg-color=\"\" data-bg-opacity=\"1\" data-animation=\"\" data-delay=\"0\" >\n\t\t<div class=\"vc_column-inner\" >\n\t\t\t<div class=\"wpb_wrapper\">\n\t\t\t\t\n<div class=\"wpb_text_column wpb_content_element\" >\n\t<div class=\"wpb_wrapper\">\n\t\t<p>No dia <strong>17 de outubro 2025<\/strong>, a equipa do projeto PULSAR realizou mais uma <strong>sess\u00e3o formativa<\/strong> para profissionais de sa\u00fade. Realizada no <strong>Centro de Sa\u00fade Norton de Matos<\/strong> (Coimbra), a iniciativa teve como objetivo informar e sensibilizar para a necessidade de <strong>cuidados de sa\u00fade<\/strong> atentos aos direitos das pessoas LGBTQ+.<\/p>\n<p>A sess\u00e3o foi dinamizada pela coordenadora do PULSAR, a Doutora <strong>Mara Pieri<\/strong>, e contou com o contributo de <strong>C\u00e1tia Santos e Ant\u00f3nio Brito Coutinho<\/strong>, que est\u00e3o a realizar um est\u00e1gio no \u00e2mbito do projeto. A abordagem participativa alternou momentos de partilha de pr\u00e1ticas com reflex\u00f5es e exerc\u00edcios pr\u00e1ticos.<\/p>\n<p>Esta foi a segunda sess\u00e3o organizada em colabora\u00e7\u00e3o com\u00a0a <strong>C\u00e2mara Municipal de Coimbra<\/strong>, atrav\u00e9s do Gabinete para a Igualdade e Inclus\u00e3o.<\/p>\n\t<\/div>\n<\/div>\n\n\n\n\n\t\t\t<\/div> \n\t\t<\/div>\n\t<\/div> \n<\/div><\/div>\n\t\t<div id=\"fws_69f447654068c\"  data-column-margin=\"default\" data-midnight=\"dark\"  class=\"wpb_row vc_row-fluid vc_row\"  style=\"padding-top: 0px; padding-bottom: 0px; \"><div class=\"row-bg-wrap\" data-bg-animation=\"none\" data-bg-animation-delay=\"\" data-bg-overlay=\"false\"><div class=\"inner-wrap row-bg-layer\" ><div class=\"row-bg viewport-desktop\"  style=\"\"><\/div><\/div><\/div><div class=\"row_col_wrap_12 col span_12 dark left\">\n\t<div  class=\"vc_col-sm-12 wpb_column column_container vc_column_container col no-extra-padding inherit_tablet inherit_phone\"  data-padding-pos=\"all\" data-has-bg-color=\"false\" data-bg-color=\"\" data-bg-opacity=\"1\" data-animation=\"\" data-delay=\"0\" >\n\t\t<div class=\"vc_column-inner\" >\n\t\t\t<div class=\"wpb_wrapper\">\n\t\t\t\t\n\t<div class=\"wpb_gallery wpb_content_element clearfix\">\n\t\t<div class=\"wpb_wrapper\"><div class=\"wpb_gallery_slides wpb_flexslider flex-gallery flexslider\" data-onclick=\"link_no\" data-interval=\"5\" data-flex_fx=\"fade\"><ul class=\"slides\" data-d-autorotate=\"\"><li><img decoding=\"async\" class=\"skip-lazy\" src=\"https:\/\/pulsar.ces.uc.pt\/wp-content\/uploads\/2025\/10\/IMG-20251022-WA0005-600x400.jpg\" width=\"600\" height=\"400\" alt=\"IMG-20251022-WA0005\" title=\"IMG-20251022-WA0005\" loading=\"lazy\" \/><\/li><li><img decoding=\"async\" class=\"skip-lazy\" src=\"https:\/\/pulsar.ces.uc.pt\/wp-content\/uploads\/2025\/10\/IMG-20251022-WA0009-600x400.jpg\" width=\"600\" height=\"400\" alt=\"IMG-20251022-WA0009\" title=\"IMG-20251022-WA0009\" loading=\"lazy\" \/><\/li><li><img decoding=\"async\" class=\"skip-lazy\" src=\"https:\/\/pulsar.ces.uc.pt\/wp-content\/uploads\/2025\/10\/IMG-20251022-WA0011-1-600x400.jpg\" width=\"600\" height=\"400\" alt=\"IMG-20251022-WA0011\" title=\"IMG-20251022-WA0011\" loading=\"lazy\" \/><\/li><li><img decoding=\"async\" class=\"skip-lazy\" src=\"https:\/\/pulsar.ces.uc.pt\/wp-content\/uploads\/2025\/10\/IMG-20251022-WA0013-600x400.jpg\" width=\"600\" height=\"400\" alt=\"IMG-20251022-WA0013\" title=\"IMG-20251022-WA0013\" loading=\"lazy\" \/><\/li><li><img decoding=\"async\" class=\"skip-lazy\" src=\"https:\/\/pulsar.ces.uc.pt\/wp-content\/uploads\/2025\/10\/IMG-20251022-WA0020-600x400.jpg\" width=\"600\" height=\"400\" alt=\"IMG-20251022-WA0020\" title=\"IMG-20251022-WA0020\" loading=\"lazy\" \/><\/li><li><img decoding=\"async\" class=\"skip-lazy\" src=\"https:\/\/pulsar.ces.uc.pt\/wp-content\/uploads\/2025\/10\/IMG-20251022-WA0023-600x400.jpg\" width=\"600\" height=\"400\" alt=\"IMG-20251022-WA0023\" title=\"IMG-20251022-WA0023\" loading=\"lazy\" \/><\/li><li><img decoding=\"async\" class=\"skip-lazy\" src=\"https:\/\/pulsar.ces.uc.pt\/wp-content\/uploads\/2025\/10\/IMG-20251022-WA0004-600x400.jpg\" width=\"600\" height=\"400\" alt=\"IMG-20251022-WA0004\" title=\"IMG-20251022-WA0004\" loading=\"lazy\" \/><\/li><li><img decoding=\"async\" class=\"skip-lazy\" src=\"https:\/\/pulsar.ces.uc.pt\/wp-content\/uploads\/2025\/10\/IMG-20251022-WA0006-600x400.jpg\" width=\"600\" height=\"400\" alt=\"IMG-20251022-WA0006\" title=\"IMG-20251022-WA0006\" loading=\"lazy\" \/><\/li><\/ul><\/div>\n\t\t<\/div> \n\t<\/div> \n\t\t\t<\/div> \n\t\t<\/div>\n\t<\/div> \n<\/div><\/div>","protected":false},"excerpt":{"rendered":"No dia 17 de outubro 2025, a equipa do projeto PULSAR realizou mais uma sess\u00e3o formativa para profissionais de sa\u00fade. Realizada no Centro de Sa\u00fade Norton de Matos (Coimbra), a...","protected":false},"author":2,"featured_media":6860,"comment_status":"closed","ping_status":"closed","sticky":false,"template":"","format":"standard","meta":{"footnotes":""},"categories":[12],"tags":[],"class_list":{"0":"post-6852","1":"post","2":"type-post","3":"status-publish","4":"format-standard","5":"has-post-thumbnail","7":"category-eventos"},"_links":{"self":[{"href":"https:\/\/pulsar.ces.uc.pt\/en\/wp-json\/wp\/v2\/posts\/6852","targetHints":{"allow":["GET"]}}],"collection":[{"href":"https:\/\/pulsar.ces.uc.pt\/en\/wp-json\/wp\/v2\/posts"}],"about":[{"href":"https:\/\/pulsar.ces.uc.pt\/en\/wp-json\/wp\/v2\/types\/post"}],"author":[{"embeddable":true,"href":"https:\/\/pulsar.ces.uc.pt\/en\/wp-json\/wp\/v2\/users\/2"}],"replies":[{"embeddable":true,"href":"https:\/\/pulsar.ces.uc.pt\/en\/wp-json\/wp\/v2\/comments?post=6852"}],"version-history":[{"count":4,"href":"https:\/\/pulsar.ces.uc.pt\/en\/wp-json\/wp\/v2\/posts\/6852\/revisions"}],"predecessor-version":[{"id":6865,"href":"https:\/\/pulsar.ces.uc.pt\/en\/wp-json\/wp\/v2\/posts\/6852\/revisions\/6865"}],"wp:featuredmedia":[{"embeddable":true,"href":"https:\/\/pulsar.ces.uc.pt\/en\/wp-json\/wp\/v2\/media\/6860"}],"wp:attachment":[{"href":"https:\/\/pulsar.ces.uc.pt\/en\/wp-json\/wp\/v2\/media?parent=6852"}],"wp:term":[{"taxonomy":"category","embeddable":true,"href":"https:\/\/pulsar.ces.uc.pt\/en\/wp-json\/wp\/v2\/categories?post=6852"},{"taxonomy":"post_tag","embeddable":true,"href":"https:\/\/pulsar.ces.uc.pt\/en\/wp-json\/wp\/v2\/tags?post=6852"}],"curies":[{"name":"wp","href":"https:\/\/api.w.org\/{rel}","templated":true}]}}