{"id":6909,"date":"2026-09-01T10:59:17","date_gmt":"2026-09-01T10:59:17","guid":{"rendered":"https:\/\/pulsar.ces.uc.pt\/?p=6909"},"modified":"2026-09-03T11:09:11","modified_gmt":"2026-09-03T11:09:11","slug":"esa-varsovia","status":"publish","type":"post","link":"https:\/\/pulsar.ces.uc.pt\/en\/esa-varsovia\/","title":{"rendered":"Confer\u00eancia European Sociological Association em Vars\u00f3via"},"content":{"rendered":"<div id=\"fws_6a9a04b5ce072\"  data-column-margin=\"default\" data-midnight=\"dark\"  class=\"wpb_row vc_row-fluid vc_row\"  style=\"padding-top: 0px; padding-bottom: 0px; \"><div class=\"row-bg-wrap\" data-bg-animation=\"none\" data-bg-animation-delay=\"\" data-bg-overlay=\"false\"><div class=\"inner-wrap row-bg-layer\" ><div class=\"row-bg viewport-desktop\"  style=\"\"><\/div><\/div><\/div><div class=\"row_col_wrap_12 col span_12 dark left\">\n\t<div  class=\"vc_col-sm-12 wpb_column column_container vc_column_container col no-extra-padding inherit_tablet inherit_phone\"  data-padding-pos=\"all\" data-has-bg-color=\"false\" data-bg-color=\"\" data-bg-opacity=\"1\" data-animation=\"\" data-delay=\"0\" >\n\t\t<div class=\"vc_column-inner\" >\n\t\t\t<div class=\"wpb_wrapper\">\n\t\t\t\t\n<div class=\"wpb_text_column wpb_content_element\" >\n\t<div class=\"wpb_wrapper\">\n\t\t<p data-start=\"78\" data-end=\"251\">A coordenadora do PULSAR, <strong data-start=\"104\" data-end=\"118\">Mara Pieri<\/strong>, participou na <a href=\"https:\/\/www.europeansociology.org\/conference\/2026\" target=\"_blank\" rel=\"noopener\">Confer\u00eancia da Associa\u00e7\u00e3o Europeia de Sociologia<\/a>, realizada em Vars\u00f3via.<\/p>\n<p data-start=\"253\" data-end=\"511\">Entre o 25 e o 28 de agosto, a confer\u00eancia reuniu mais de <strong>3000\u00a0investigadores\/as de toda a Europa<\/strong> para debater sobre os temas mais importantes da sociologia contempor\u00e2nea, sob o t\u00edtulo <em data-start=\"436\" data-end=\"508\">\u201cStrengthening Democracies: Social Action, Solidarity, and Sustainable Futures\u201d<\/em>.<\/p>\n<p data-start=\"513\" data-end=\"787\">Mara Pieri apresentou uma comunica\u00e7\u00e3o com os <strong>resultado das entrevistas<\/strong> realizadas com profissionais de sa\u00fade LGBTQ+ de todo o pa\u00eds, num pa\u00ednel dedicado aos desafios da sa\u00fade LGBTQ+, co-organizado pelo Sexualities Research Network (RN23) e o Research Network Sociology of Health and Illness (RN16).<\/p>\n<p data-start=\"513\" data-end=\"787\">A comunica\u00e7\u00e3o apresentou ainda algumas das reflex\u00f5es desenvolvidas no <a href=\"https:\/\/pulsar.ces.uc.pt\/en\/artigo-publicado-frontiers-in-public-health\/\" target=\"_blank\" rel=\"noopener\">artigo recentemente publicado<\/a> na revista <strong>Frontiers in Public Health<\/strong>.<\/p>\n\t<\/div>\n<\/div>\n\n\n\n\n\t\t\t<\/div> \n\t\t<\/div>\n\t<\/div> \n<\/div><\/div>\n\t\t<div id=\"fws_6a9a04b5ce3c9\"  data-column-margin=\"default\" data-midnight=\"dark\"  class=\"wpb_row vc_row-fluid vc_row\"  style=\"padding-top: 0px; padding-bottom: 0px; \"><div class=\"row-bg-wrap\" data-bg-animation=\"none\" data-bg-animation-delay=\"\" data-bg-overlay=\"false\"><div class=\"inner-wrap row-bg-layer\" ><div class=\"row-bg viewport-desktop\"  style=\"\"><\/div><\/div><\/div><div class=\"row_col_wrap_12 col span_12 dark left\">\n\t<div  class=\"vc_col-sm-12 wpb_column column_container vc_column_container col no-extra-padding inherit_tablet inherit_phone\"  data-padding-pos=\"all\" data-has-bg-color=\"false\" data-bg-color=\"\" data-bg-opacity=\"1\" data-animation=\"\" data-delay=\"0\" >\n\t\t<div class=\"vc_column-inner\" >\n\t\t\t<div class=\"wpb_wrapper\">\n\t\t\t\t\n\t<div class=\"wpb_gallery wpb_content_element clearfix\">\n\t\t<div class=\"wpb_wrapper\"><div class=\"wpb_gallery_slides wpb_flexslider flex-gallery flexslider\" data-onclick=\"link_no\" data-interval=\"5\" data-flex_fx=\"fade\"><ul class=\"slides\" data-d-autorotate=\"\"><li><img decoding=\"async\" class=\"skip-lazy\" src=\"https:\/\/pulsar.ces.uc.pt\/wp-content\/uploads\/2026\/09\/IMG-20260826-WA0034-600x400.jpg\" width=\"600\" height=\"400\" alt=\"IMG-20260826-WA0034\" title=\"IMG-20260826-WA0034\" loading=\"lazy\" \/><\/li><li><img decoding=\"async\" class=\"skip-lazy\" src=\"https:\/\/pulsar.ces.uc.pt\/wp-content\/uploads\/2026\/09\/IMG-20260826-WA0041-600x400.jpg\" width=\"600\" height=\"400\" alt=\"IMG-20260826-WA0041\" title=\"IMG-20260826-WA0041\" loading=\"lazy\" \/><\/li><li><img decoding=\"async\" class=\"skip-lazy\" src=\"https:\/\/pulsar.ces.uc.pt\/wp-content\/uploads\/2026\/09\/IMG-20260826-WA0046-600x400.jpg\" width=\"600\" height=\"400\" alt=\"IMG-20260826-WA0046\" title=\"IMG-20260826-WA0046\" loading=\"lazy\" \/><\/li><li><img decoding=\"async\" class=\"skip-lazy\" src=\"https:\/\/pulsar.ces.uc.pt\/wp-content\/uploads\/2026\/09\/IMG-20260826-WA0049-600x400.jpg\" width=\"600\" height=\"400\" alt=\"IMG-20260826-WA0049\" title=\"IMG-20260826-WA0049\" loading=\"lazy\" \/><\/li><li><img decoding=\"async\" class=\"skip-lazy\" src=\"https:\/\/pulsar.ces.uc.pt\/wp-content\/uploads\/2026\/09\/IMG-20260827-WA0013-600x400.jpg\" width=\"600\" height=\"400\" alt=\"IMG-20260827-WA0013\" title=\"IMG-20260827-WA0013\" loading=\"lazy\" \/><\/li><\/ul><\/div>\n\t\t<\/div> \n\t<\/div> \n\t\t\t<\/div> \n\t\t<\/div>\n\t<\/div> \n<\/div><\/div>","protected":false},"excerpt":{"rendered":"A coordenadora do PULSAR, Mara Pieri, participou na Confer\u00eancia da Associa\u00e7\u00e3o Europeia de Sociologia, realizada em Vars\u00f3via. Entre o 25 e o 28 de agosto, a confer\u00eancia reuniu mais de...","protected":false},"author":2,"featured_media":6912,"comment_status":"closed","ping_status":"closed","sticky":false,"template":"","format":"standard","meta":{"footnotes":""},"categories":[11],"tags":[],"class_list":["post-6909","post","type-post","status-publish","format-standard","has-post-thumbnail","category-comunicacoes"],"_links":{"self":[{"href":"https:\/\/pulsar.ces.uc.pt\/en\/wp-json\/wp\/v2\/posts\/6909","targetHints":{"allow":["GET"]}}],"collection":[{"href":"https:\/\/pulsar.ces.uc.pt\/en\/wp-json\/wp\/v2\/posts"}],"about":[{"href":"https:\/\/pulsar.ces.uc.pt\/en\/wp-json\/wp\/v2\/types\/post"}],"author":[{"embeddable":true,"href":"https:\/\/pulsar.ces.uc.pt\/en\/wp-json\/wp\/v2\/users\/2"}],"replies":[{"embeddable":true,"href":"https:\/\/pulsar.ces.uc.pt\/en\/wp-json\/wp\/v2\/comments?post=6909"}],"version-history":[{"count":1,"href":"https:\/\/pulsar.ces.uc.pt\/en\/wp-json\/wp\/v2\/posts\/6909\/revisions"}],"predecessor-version":[{"id":6916,"href":"https:\/\/pulsar.ces.uc.pt\/en\/wp-json\/wp\/v2\/posts\/6909\/revisions\/6916"}],"wp:featuredmedia":[{"embeddable":true,"href":"https:\/\/pulsar.ces.uc.pt\/en\/wp-json\/wp\/v2\/media\/6912"}],"wp:attachment":[{"href":"https:\/\/pulsar.ces.uc.pt\/en\/wp-json\/wp\/v2\/media?parent=6909"}],"wp:term":[{"taxonomy":"category","embeddable":true,"href":"https:\/\/pulsar.ces.uc.pt\/en\/wp-json\/wp\/v2\/categories?post=6909"},{"taxonomy":"post_tag","embeddable":true,"href":"https:\/\/pulsar.ces.uc.pt\/en\/wp-json\/wp\/v2\/tags?post=6909"}],"curies":[{"name":"wp","href":"https:\/\/api.w.org\/{rel}","templated":true}]}}