{"id":6787,"date":"2025-07-18T10:48:59","date_gmt":"2025-07-18T10:48:59","guid":{"rendered":"https:\/\/pulsar.ces.uc.pt\/?p=6787"},"modified":"2025-07-21T10:49:58","modified_gmt":"2025-07-21T10:49:58","slug":"formacao-sobre-saude-das-pessoas-lgbtq","status":"publish","type":"post","link":"https:\/\/pulsar.ces.uc.pt\/pt\/formacao-sobre-saude-das-pessoas-lgbtq\/","title":{"rendered":"Forma\u00e7\u00e3o sobre sa\u00fade das pessoas LGBTQ+"},"content":{"rendered":"\n\t\t<div id=\"fws_69f5d7ffce1ee\"  data-column-margin=\"default\" data-midnight=\"dark\"  class=\"wpb_row vc_row-fluid vc_row\"  style=\"padding-top: 0px; padding-bottom: 0px; \"><div class=\"row-bg-wrap\" data-bg-animation=\"none\" data-bg-animation-delay=\"\" data-bg-overlay=\"false\"><div class=\"inner-wrap row-bg-layer\" ><div class=\"row-bg viewport-desktop\"  style=\"\"><\/div><\/div><\/div><div class=\"row_col_wrap_12 col span_12 dark left\">\n\t<div  class=\"vc_col-sm-12 wpb_column column_container vc_column_container col no-extra-padding inherit_tablet inherit_phone \"  data-padding-pos=\"all\" data-has-bg-color=\"false\" data-bg-color=\"\" data-bg-opacity=\"1\" data-animation=\"\" data-delay=\"0\" >\n\t\t<div class=\"vc_column-inner\" >\n\t\t\t<div class=\"wpb_wrapper\">\n\t\t\t\t\n<div class=\"wpb_text_column wpb_content_element \" >\n\t<div class=\"wpb_wrapper\">\n\t\t<p>A sa\u00fade das pessoas LGBTQ+ vai ser o objetivo de uma <strong>a\u00e7\u00e3o de forma\u00e7\u00e3o e sensibiliza\u00e7\u00e3o<\/strong> organizada pelo projeto PULSAR em articula\u00e7\u00e3o com a <strong>C\u00e2mara Municipal de Coimbra<\/strong>, atrav\u00e9s do Gabinete para a Igualdade e Inclus\u00e3o.<\/p>\n<p>A iniciativa \u00e9 dirigida a profissionais de sa\u00fade dos Cuidados de Sa\u00fade Prim\u00e1rios, m\u00e9dicos\/as, enfermeiros\/as, assistentes sociais, t\u00e9cnicos\/as de diagn\u00f3stico e terap\u00eautica, assistentes t\u00e9cnicos\/as e outros\/as profissionais interessados\/as e vai decorrer no pr\u00f3ximo dia <strong>24 de julho 2025<\/strong>, das 14h30 \u00e0s 16h30, na Sala Francisco S\u00e1 de Miranda, da <strong>Casa Municipal da Cultura<\/strong>. A participa\u00e7\u00e3o \u00e9 gratuita, mas \u00e9 necess\u00e1ria inscri\u00e7\u00e3o pr\u00e9via atrav\u00e9s do link <a href=\"https:\/\/forms.gle\/QL3YrRnAraaA6x4n8\">https:\/\/forms.gle\/QL3YrRnAraaA6x4n8<\/a>. As vagas s\u00e3o limitadas a 20 participantes.<\/p>\n<p>A sess\u00e3o tem como objetivo<strong> contribuir para a constru\u00e7\u00e3o de cuidados de sa\u00fade mais inclusivos e informado<\/strong>s, promovendo o bem-estar e os direitos das pessoas LGBTQ+. A iniciativa vai contar com a orienta\u00e7\u00e3o da professora Mara Pieri, investigadora do CES e coordenadora do Projeto PULSAR, e segue uma metodologia participativa, com exerc\u00edcios pr\u00e1ticos, partilhas de experi\u00eancias e momentos de reflex\u00e3o coletiva.<\/p>\n\t<\/div>\n<\/div>\n\n\n\n\n\t\t\t<\/div> \n\t\t<\/div>\n\t<\/div> \n<\/div><\/div>\n\t\t<div id=\"fws_69f5d7ffceb81\"  data-column-margin=\"default\" data-midnight=\"dark\"  class=\"wpb_row vc_row-fluid vc_row\"  style=\"padding-top: 0px; padding-bottom: 0px; \"><div class=\"row-bg-wrap\" data-bg-animation=\"none\" data-bg-animation-delay=\"\" data-bg-overlay=\"false\"><div class=\"inner-wrap row-bg-layer\" ><div class=\"row-bg viewport-desktop\"  style=\"\"><\/div><\/div><\/div><div class=\"row_col_wrap_12 col span_12 dark left\">\n\t<div  class=\"vc_col-sm-12 wpb_column column_container vc_column_container col no-extra-padding inherit_tablet inherit_phone \"  data-padding-pos=\"all\" data-has-bg-color=\"false\" data-bg-color=\"\" data-bg-opacity=\"1\" data-animation=\"\" data-delay=\"0\" >\n\t\t<div class=\"vc_column-inner\" >\n\t\t\t<div class=\"wpb_wrapper\">\n\t\t\t\t<div class=\"img-with-aniamtion-wrap \" data-max-width=\"100%\" data-max-width-mobile=\"default\" data-shadow=\"none\" data-animation=\"none\" >\n      <div class=\"inner\">\n        <div class=\"hover-wrap\"> \n          <div class=\"hover-wrap-inner\">\n            <a href=\"https:\/\/pulsar.ces.uc.pt\/wp-content\/uploads\/2025\/07\/CM-de-Coimbra-promove-acao-de-formacao-sobre-cuidados-de-saude-das-pessoas-LGBTQ.jpg\" class=\"pp \">\n              <img loading=\"lazy\" decoding=\"async\" class=\"img-with-animation skip-lazy\" data-delay=\"0\" height=\"2500\" width=\"2500\" data-animation=\"none\" src=\"https:\/\/pulsar.ces.uc.pt\/wp-content\/uploads\/2025\/07\/CM-de-Coimbra-promove-acao-de-formacao-sobre-cuidados-de-saude-das-pessoas-LGBTQ.jpg\" alt=\"\" srcset=\"https:\/\/pulsar.ces.uc.pt\/wp-content\/uploads\/2025\/07\/CM-de-Coimbra-promove-acao-de-formacao-sobre-cuidados-de-saude-das-pessoas-LGBTQ.jpg 2500w, https:\/\/pulsar.ces.uc.pt\/wp-content\/uploads\/2025\/07\/CM-de-Coimbra-promove-acao-de-formacao-sobre-cuidados-de-saude-das-pessoas-LGBTQ-300x300.jpg 300w, https:\/\/pulsar.ces.uc.pt\/wp-content\/uploads\/2025\/07\/CM-de-Coimbra-promove-acao-de-formacao-sobre-cuidados-de-saude-das-pessoas-LGBTQ-1024x1024.jpg 1024w, https:\/\/pulsar.ces.uc.pt\/wp-content\/uploads\/2025\/07\/CM-de-Coimbra-promove-acao-de-formacao-sobre-cuidados-de-saude-das-pessoas-LGBTQ-150x150.jpg 150w, https:\/\/pulsar.ces.uc.pt\/wp-content\/uploads\/2025\/07\/CM-de-Coimbra-promove-acao-de-formacao-sobre-cuidados-de-saude-das-pessoas-LGBTQ-768x768.jpg 768w, https:\/\/pulsar.ces.uc.pt\/wp-content\/uploads\/2025\/07\/CM-de-Coimbra-promove-acao-de-formacao-sobre-cuidados-de-saude-das-pessoas-LGBTQ-1536x1536.jpg 1536w, https:\/\/pulsar.ces.uc.pt\/wp-content\/uploads\/2025\/07\/CM-de-Coimbra-promove-acao-de-formacao-sobre-cuidados-de-saude-das-pessoas-LGBTQ-2048x2048.jpg 2048w, https:\/\/pulsar.ces.uc.pt\/wp-content\/uploads\/2025\/07\/CM-de-Coimbra-promove-acao-de-formacao-sobre-cuidados-de-saude-das-pessoas-LGBTQ-12x12.jpg 12w, https:\/\/pulsar.ces.uc.pt\/wp-content\/uploads\/2025\/07\/CM-de-Coimbra-promove-acao-de-formacao-sobre-cuidados-de-saude-das-pessoas-LGBTQ-140x140.jpg 140w, https:\/\/pulsar.ces.uc.pt\/wp-content\/uploads\/2025\/07\/CM-de-Coimbra-promove-acao-de-formacao-sobre-cuidados-de-saude-das-pessoas-LGBTQ-100x100.jpg 100w, https:\/\/pulsar.ces.uc.pt\/wp-content\/uploads\/2025\/07\/CM-de-Coimbra-promove-acao-de-formacao-sobre-cuidados-de-saude-das-pessoas-LGBTQ-500x500.jpg 500w, https:\/\/pulsar.ces.uc.pt\/wp-content\/uploads\/2025\/07\/CM-de-Coimbra-promove-acao-de-formacao-sobre-cuidados-de-saude-das-pessoas-LGBTQ-350x350.jpg 350w, https:\/\/pulsar.ces.uc.pt\/wp-content\/uploads\/2025\/07\/CM-de-Coimbra-promove-acao-de-formacao-sobre-cuidados-de-saude-das-pessoas-LGBTQ-1000x1000.jpg 1000w, https:\/\/pulsar.ces.uc.pt\/wp-content\/uploads\/2025\/07\/CM-de-Coimbra-promove-acao-de-formacao-sobre-cuidados-de-saude-das-pessoas-LGBTQ-800x800.jpg 800w\" sizes=\"auto, (max-width: 2500px) 100vw, 2500px\" \/>\n            <\/a>\n          <\/div>\n        <\/div>\n      <\/div>\n      <\/div>\n\t\t\t<\/div> \n\t\t<\/div>\n\t<\/div> \n<\/div><\/div>\n","protected":false},"excerpt":{"rendered":"A sa\u00fade das pessoas LGBTQ+ vai ser o objetivo de uma a\u00e7\u00e3o de forma\u00e7\u00e3o e sensibiliza\u00e7\u00e3o organizada pelo projeto PULSAR em articula\u00e7\u00e3o com a C\u00e2mara Municipal de Coimbra, atrav\u00e9s do...","protected":false},"author":2,"featured_media":6788,"comment_status":"closed","ping_status":"closed","sticky":false,"template":"","format":"standard","meta":{"footnotes":""},"categories":[12],"tags":[],"class_list":{"0":"post-6787","1":"post","2":"type-post","3":"status-publish","4":"format-standard","5":"has-post-thumbnail","7":"category-eventos"},"_links":{"self":[{"href":"https:\/\/pulsar.ces.uc.pt\/pt\/wp-json\/wp\/v2\/posts\/6787","targetHints":{"allow":["GET"]}}],"collection":[{"href":"https:\/\/pulsar.ces.uc.pt\/pt\/wp-json\/wp\/v2\/posts"}],"about":[{"href":"https:\/\/pulsar.ces.uc.pt\/pt\/wp-json\/wp\/v2\/types\/post"}],"author":[{"embeddable":true,"href":"https:\/\/pulsar.ces.uc.pt\/pt\/wp-json\/wp\/v2\/users\/2"}],"replies":[{"embeddable":true,"href":"https:\/\/pulsar.ces.uc.pt\/pt\/wp-json\/wp\/v2\/comments?post=6787"}],"version-history":[{"count":3,"href":"https:\/\/pulsar.ces.uc.pt\/pt\/wp-json\/wp\/v2\/posts\/6787\/revisions"}],"predecessor-version":[{"id":6791,"href":"https:\/\/pulsar.ces.uc.pt\/pt\/wp-json\/wp\/v2\/posts\/6787\/revisions\/6791"}],"wp:featuredmedia":[{"embeddable":true,"href":"https:\/\/pulsar.ces.uc.pt\/pt\/wp-json\/wp\/v2\/media\/6788"}],"wp:attachment":[{"href":"https:\/\/pulsar.ces.uc.pt\/pt\/wp-json\/wp\/v2\/media?parent=6787"}],"wp:term":[{"taxonomy":"category","embeddable":true,"href":"https:\/\/pulsar.ces.uc.pt\/pt\/wp-json\/wp\/v2\/categories?post=6787"},{"taxonomy":"post_tag","embeddable":true,"href":"https:\/\/pulsar.ces.uc.pt\/pt\/wp-json\/wp\/v2\/tags?post=6787"}],"curies":[{"name":"wp","href":"https:\/\/api.w.org\/{rel}","templated":true}]}}